{"id":4038,"date":"2026-09-02T12:37:34","date_gmt":"2026-09-02T10:37:34","guid":{"rendered":"https:\/\/organizacje.tczew.pl\/?p=4038"},"modified":"2026-09-02T12:37:35","modified_gmt":"2026-09-02T10:37:35","slug":"wiesz-jak-reagowac-na-kryzysy-zdobadz-do-10-000-zlotych-na-realizacje-pomyslu-2","status":"publish","type":"post","link":"https:\/\/organizacje.tczew.pl\/?p=4038","title":{"rendered":"Wiesz, jak reagowa\u0107 na kryzysy? Zdob\u0105d\u017a do 10 000 z\u0142otych na realizacj\u0119 pomys\u0142u!"},"content":{"rendered":"\n<p class=\"wp-block-paragraph\"><strong><em>We wtorek 1 wrze\u015bnia rozpocz\u0105\u0142 si\u0119 nab\u00f3r wniosk\u00f3w o dotacje dla ma\u0142ych i \u015brednich organizacji pozarz\u0105dowych oraz minimum 3-osobowych grup mieszka\u0144c\u00f3w z Pomorza (spoza Gda\u0144ska i Gdyni). Ruszy\u0142 konkurs w ramach Funduszu AKUMULATOR SPO\u0141ECZNY \u2013 Moc Ma\u0142ych Spo\u0142eczno\u015bci. Mo\u017cna ubiega\u0107 si\u0119 o dofinansowanie w wysoko\u015bci od 4000 do 10000 z\u0142 na realizacj\u0119 lokalnych inicjatyw. W trakcie naboru przewidziano spotkania informacyjne, konsultacje oraz pomoc przy pisaniu wniosk\u00f3w.<\/em><\/strong><\/p>\n\n\n\n<p class=\"wp-block-paragraph\">Celem konkursu jest budowanie odporno\u015bci spo\u0142ecznej, czyli umiej\u0119tno\u015bci wsp\u00f3\u0142dzia\u0142ania i radzenia sobie w trudnych sytuacjach kryzysowych. <strong>Nab\u00f3r jest skierowany do ma\u0142ych i \u015brednich organizacji pozarz\u0105dowych<\/strong> (o rocznym przychodzie do 200 tys. z\u0142 w miejscowo\u015bciach do 100 tys. mieszka\u0144c\u00f3w) <strong>oraz grup nieformalnych mieszka\u0144c\u00f3w<\/strong>: fundacji, stowarzysze\u0144, k\u00f3\u0142 gospody\u0144 wiejskich, OSP, klub\u00f3w sportowych, rad rodzic\u00f3w, klub\u00f3w seniora, dru\u017cyn harcerskich i innych \u2013 wystarczy, \u017ce zbierzecie si\u0119 w minimum 3 (pe\u0142noletnie) osoby.<a><\/a><\/p>\n\n\n\n<figure class=\"wp-block-image size-full\"><img loading=\"lazy\" decoding=\"async\" width=\"940\" height=\"788\" src=\"https:\/\/organizacje.tczew.pl\/wp-content\/uploads\/2026\/09\/Grafika-ruszyl-nabor-MMS-2026.jpeg\" alt=\"\" class=\"wp-image-4036\" srcset=\"https:\/\/organizacje.tczew.pl\/wp-content\/uploads\/2026\/09\/Grafika-ruszyl-nabor-MMS-2026.jpeg 940w, https:\/\/organizacje.tczew.pl\/wp-content\/uploads\/2026\/09\/Grafika-ruszyl-nabor-MMS-2026-300x251.jpeg 300w, https:\/\/organizacje.tczew.pl\/wp-content\/uploads\/2026\/09\/Grafika-ruszyl-nabor-MMS-2026-768x644.jpeg 768w\" sizes=\"auto, (max-width: 940px) 100vw, 940px\" \/><\/figure>\n\n\n\n<h3 class=\"wp-block-heading\"><a><\/a><strong>Ile pieni\u0119dzy jest do zdobycia i na co mo\u017cna przeznaczy\u0107 \u015brodki?<\/strong><\/h3>\n\n\n\n<p class=\"wp-block-paragraph\">W konkursie mo\u017cna uzyska\u0107 <strong>od 4000 z\u0142 do 10000 z\u0142<\/strong>. Pieni\u0105dze mo\u017cna przeznaczy\u0107 mi\u0119dzy innymi na:<\/p>\n\n\n\n<ul class=\"wp-block-list\">\n<li>zakup materia\u0142\u00f3w i sprz\u0119tu potrzebnych do dzia\u0142ania,<\/li>\n\n\n\n<li>organizacj\u0119 wydarze\u0144, szkole\u0144\/warsztat\u00f3w i spotka\u0144 oraz ich obs\u0142ug\u0119,<\/li>\n\n\n\n<li>promocj\u0119 i dotarcie do mieszka\u0144c\u00f3w, organizacj\u0119 kampanii.<\/li>\n<\/ul>\n\n\n\n<h3 class=\"wp-block-heading\"><a><\/a><strong>Jakie projekty maj\u0105 najwi\u0119ksze szanse na dofinansowanie?<\/strong><\/h3>\n\n\n\n<p class=\"wp-block-paragraph\">Premiowane b\u0119d\u0105 przede wszystkim inicjatywy, kt\u00f3re anga\u017cuj\u0105 mieszka\u0144c\u00f3w w dzia\u0142ania, rozwijaj\u0105 lokaln\u0105 odporno\u015b\u0107 spo\u0142eczn\u0105 oraz odpowiadaj\u0105 na realne potrzeby danej spo\u0142eczno\u015bci.<\/p>\n\n\n\n<p class=\"wp-block-paragraph\">Przyk\u0142adowe inicjatywy:<\/p>\n\n\n\n<ul class=\"wp-block-list\">\n<li>powo\u0142anie i\u00a0 szkolenie zespo\u0142u kryzysowego (so\u0142tysi, radni, OSP, aktywni mieszka\u0144cy),<\/li>\n\n\n\n<li>tworzenie s\u0105siedzkich grup wsparcia, wymiana kontakt\u00f3w, pomoc osobom starszym, samotnym czy z niepe\u0142nosprawno\u015bciami,<\/li>\n\n\n\n<li>przeprowadzenie kampanii informacyjnej, wydarzenia lokalnego np. na temat zasad bezpiecze\u0144stwa w sytuacji zagro\u017cenia,<\/li>\n\n\n\n<li>przeprowadzenie szkolenia ludno\u015bci, treningi reagowania kryzysowego dla mieszka\u0144c\u00f3w (np. warsztaty z zakresu pierwszej pomocy, reagowanie w sytuacjach kl\u0119sk \u017cywio\u0142owych, wypadk\u00f3w czy po\u017car\u00f3w),<\/li>\n\n\n\n<li>tworzenie poradnik\u00f3w dotycz\u0105cych rekrutacji wolontariuszy lub post\u0119powania w przypadku blackoutu,<\/li>\n\n\n\n<li>zmapowanie zasob\u00f3w lokalnych \u2013 stworzenie wewn\u0119trznej mapy kompetencji i zasob\u00f3w (np. agregaty, personel medyczny na terenie gminy, rejestr wolontariuszy),<\/li>\n\n\n\n<li>organizacja gier miejskich, symulacji sytuacji kryzysowych (np. ewakuacja, przerwa w dostawie pr\u0105du), celem budowania \u015bwiadomo\u015bci i gotowo\u015bci,<\/li>\n\n\n\n<li>tworzenie punkt\u00f3w widoczno\u015bci lokalnej \u2013 np. oznaczenie dr\u00f3g ewakuacyjnych i punkt\u00f3w zbi\u00f3rki.<\/li>\n<\/ul>\n\n\n\n<p class=\"wp-block-paragraph\">Zaplanowane dzia\u0142ania musz\u0105 zosta\u0107 przeprowadzone mi\u0119dzy <strong>25 wrze\u015bnia a 15 listopada 2026.<\/strong><\/p>\n\n\n\n<h3 class=\"wp-block-heading\"><a><\/a><strong>Co wyr\u00f3\u017cnia ten konkurs?<\/strong><\/h3>\n\n\n\n<p class=\"wp-block-paragraph\">Konkurs daje <strong>nie tylko pieni\u0105dze<\/strong>, ale te\u017c <strong>wsparcie animatora<\/strong>, <strong>szkolenia i konsultacje,<\/strong> tak by pomys\u0142y mog\u0142y rozwin\u0105\u0107 skrzyd\u0142a i realnie zmieni\u0107 \u017cycie mieszka\u0144c\u00f3w. Opr\u00f3cz dofinansowania wnioskodawcy mog\u0105 liczy\u0107 na pomoc na ka\u017cdym etapie: od pomys\u0142u, przez wype\u0142nienie wniosku, wsparcie w trakcie realizacji, a\u017c po rozliczenie projektu. Dodatkowo zapewnione s\u0105 szkolenia z organizacji wydarze\u0144, promocji, pozyskiwania \u015brodk\u00f3w i partnerstw, pracy zespo\u0142owej i dost\u0119pno\u015bci dzia\u0142a\u0144 &#8211; wszystko co umo\u017cliwi skuteczn\u0105 realizacj\u0119 inicjatyw maj\u0105cych realny wp\u0142yw na \u017cycie mieszka\u0144c\u00f3w.<\/p>\n\n\n\n<h3 class=\"wp-block-heading\"><a><\/a><strong>Jak wygl\u0105da proces sk\u0142adania wniosku?<\/strong><\/h3>\n\n\n\n<p class=\"wp-block-paragraph\">Wnioski nale\u017cy z\u0142o\u017cy\u0107 za pomoc\u0105 prostego <strong>generatora on-line<\/strong> na stronie: <a href=\"http:\/\/www.witkac.pl\/\">witkac.pl<\/a>. W przypadku problem\u00f3w z dost\u0119pem do internetu czy obs\u0142ug\u0105 systemu lokalni Operatorzy s\u0142u\u017c\u0105 pomoc\u0105.<\/p>\n\n\n\n<h3 class=\"wp-block-heading\"><a><\/a><strong>Wa\u017cne terminy<\/strong><\/h3>\n\n\n\n<h3 class=\"wp-block-heading has-medium-font-size\"><a><\/a>Sk\u0142adanie wniosk\u00f3w o dofinansowanie: <strong>do 15 wrze\u015bnia 2026<br><\/strong>Og\u0142oszenie wynik\u00f3w konkursu: <strong>do 24 wrze\u015bnia 2026<\/strong><\/h3>\n\n\n\n<h3 class=\"wp-block-heading\"><a><\/a><strong>Gdzie szuka\u0107 szczeg\u00f3\u0142owych informacji?<\/strong><\/h3>\n\n\n\n<p class=\"wp-block-paragraph\">Regulamin konkursu i pozosta\u0142e dokumenty znajdziesz na stronie Funduszu: <a href=\"https:\/\/akumulatorspoleczny.pl\/konkursy\/mms-2026\/\">akumulatorspoleczny.pl\/konkursy\/mms-2026<\/a> oraz lokalnego Partnera \u2013 w powiecie gda\u0144skim i tczewskim Fundacja Pokolenia: <a href=\"https:\/\/fundacjapokolenia.pl\/akumulator-spoleczny-moc-malych-spolecznosci-2026\/\">fundacjapokolenia.pl\/akumulator-spoleczny-moc-malych-spolecznosci-2026<\/a>.<\/p>\n\n\n\n<p class=\"wp-block-paragraph\">Bie\u017c\u0105ce informacje s\u0105 tak\u017ce na profilach: <a href=\"https:\/\/www.facebook.com\/akumulatorspoleczny\">facebook.com\/akumulatorspoleczny<\/a> <a href=\"https:\/\/www.facebook.com\/akumulatorspoleczny\"><\/a>i <a href=\"https:\/\/www.instagram.com\/fundusz_akumulator_spoleczny\/\">instagram.com\/fundusz_akumulator_spoleczny\/<\/a>.<\/p>\n\n\n\n<p class=\"wp-block-paragraph\"><strong>Masz pytania dotycz\u0105ce konkursu lub realizacji projekt\u00f3w? Potrzebujesz pomocy w obs\u0142udze generatora wniosk\u00f3w? We\u017a udzia\u0142 w otwartym spotkaniu informacyjno-szkoleniowym:<\/strong><\/p>\n\n\n\n<p class=\"wp-block-paragraph\">4 wrze\u015bnia (pi\u0105tek) o 16:30 Fundacja Pokolenia ul. Obro\u0144c\u00f3w Westerplatte 6, TCZEW<\/p>\n\n\n\n<p class=\"wp-block-paragraph\">7 wrze\u015bnia (poniedzia\u0142ek) o 16:30 Lokalna Grupa Dzia\u0142ania \u201eTrzy Krajobrazy\u201d ul. Nowowiejskiego 33, PRUSZCZ GDA\u0143SKI<\/p>\n\n\n\n<p class=\"wp-block-paragraph\">10 wrze\u015bnia (\u015broda) o 8:30 ON-LINE na platformie Zoom \u2013 wystarczy o wskazanej porze klikn\u0105\u0107 w link:&nbsp;<a href=\"https:\/\/zoom.us\/j\/91701049449\">https:\/\/zoom.us\/j\/91701049449<\/a><\/p>\n\n\n\n<p class=\"wp-block-paragraph\">Masz pomys\u0142? Chcesz um\u00f3wi\u0107 si\u0119 na doradztwo indywidualne? Operator zach\u0119ca do korzystania z mo\u017cliwo\u015bci bezp\u0142atnych konsultacji \u2013 animatorzy programu pomog\u0105 dopracowa\u0107 Wasze projekty i wnioski o dofinansowanie. Kontakt: tel. 58 352 45 46, e-mail: akumulatorspoleczny@fundacjapokolenia.pl, FB: <a href=\"https:\/\/www.facebook.com\/fundacja.pokolenia\/\">facebook.com\/fundacja.pokolenia<\/a>, IG: <a href=\"https:\/\/www.instagram.com\/fundacjapokolenia\/\">instagram.com\/fundacjapokolenia\/<\/a>. &nbsp;Istnieje mo\u017cliwo\u015b\u0107 spotkania on-line lub osobistego w biurze Fundacji Pokolenia w Tczewie\/Pruszczu Gda\u0144skim\/w terenie (po wcze\u015bniejszym um\u00f3wieniu).<\/p>\n\n\n\n<p class=\"wp-block-paragraph\">Konkurs zosta\u0142 obj\u0119ty Patronatem Honorowym Wojewody Pomorskiej Beaty Rutkiewicz.<\/p>\n\n\n\n<figure class=\"wp-block-image size-large\"><img loading=\"lazy\" decoding=\"async\" width=\"1024\" height=\"155\" src=\"https:\/\/organizacje.tczew.pl\/wp-content\/uploads\/2026\/09\/Logotypy-MMS-AS-1024x155.png\" alt=\"\" class=\"wp-image-4037\" srcset=\"https:\/\/organizacje.tczew.pl\/wp-content\/uploads\/2026\/09\/Logotypy-MMS-AS-1024x155.png 1024w, https:\/\/organizacje.tczew.pl\/wp-content\/uploads\/2026\/09\/Logotypy-MMS-AS-300x45.png 300w, https:\/\/organizacje.tczew.pl\/wp-content\/uploads\/2026\/09\/Logotypy-MMS-AS-768x116.png 768w, https:\/\/organizacje.tczew.pl\/wp-content\/uploads\/2026\/09\/Logotypy-MMS-AS-1536x232.png 1536w, https:\/\/organizacje.tczew.pl\/wp-content\/uploads\/2026\/09\/Logotypy-MMS-AS.png 2000w\" sizes=\"auto, (max-width: 1024px) 100vw, 1024px\" \/><\/figure>\n\n\n\n<p class=\"wp-block-paragraph\">Zadanie finansowane przez Narodowy Instytut Wolno\u015bci \u2013 Centrum Rozwoju Spo\u0142ecze\u0144stwa Obywatelskiego w ramach Rz\u0105dowego Programu Wsparcia Organizacji Pozarz\u0105dowych MOC MA\u0141YCH SPO\u0141ECZNO\u015aCI<\/p>\n","protected":false},"excerpt":{"rendered":"<p>We wtorek 1 wrze\u015bnia rozpocz\u0105\u0142 si\u0119 nab\u00f3r wniosk\u00f3w o dotacje dla ma\u0142ych i \u015brednich organizacji pozarz\u0105dowych oraz minimum 3-osobowych grup mieszka\u0144c\u00f3w z Pomorza (spoza Gda\u0144ska i Gdyni). Ruszy\u0142 konkurs w ramach Funduszu AKUMULATOR SPO\u0141ECZNY \u2013 Moc Ma\u0142ych Spo\u0142eczno\u015bci. Mo\u017cna ubiega\u0107<\/p>\n","protected":false},"author":3,"featured_media":0,"comment_status":"closed","ping_status":"open","sticky":false,"template":"","format":"standard","meta":{"footnotes":""},"categories":[19,35],"tags":[],"class_list":["post-4038","post","type-post","status-publish","format-standard","hentry","category-szkolenia","category-zaproszenia"],"_links":{"self":[{"href":"https:\/\/organizacje.tczew.pl\/index.php?rest_route=\/wp\/v2\/posts\/4038","targetHints":{"allow":["GET"]}}],"collection":[{"href":"https:\/\/organizacje.tczew.pl\/index.php?rest_route=\/wp\/v2\/posts"}],"about":[{"href":"https:\/\/organizacje.tczew.pl\/index.php?rest_route=\/wp\/v2\/types\/post"}],"author":[{"embeddable":true,"href":"https:\/\/organizacje.tczew.pl\/index.php?rest_route=\/wp\/v2\/users\/3"}],"replies":[{"embeddable":true,"href":"https:\/\/organizacje.tczew.pl\/index.php?rest_route=%2Fwp%2Fv2%2Fcomments&post=4038"}],"version-history":[{"count":1,"href":"https:\/\/organizacje.tczew.pl\/index.php?rest_route=\/wp\/v2\/posts\/4038\/revisions"}],"predecessor-version":[{"id":4039,"href":"https:\/\/organizacje.tczew.pl\/index.php?rest_route=\/wp\/v2\/posts\/4038\/revisions\/4039"}],"wp:attachment":[{"href":"https:\/\/organizacje.tczew.pl\/index.php?rest_route=%2Fwp%2Fv2%2Fmedia&parent=4038"}],"wp:term":[{"taxonomy":"category","embeddable":true,"href":"https:\/\/organizacje.tczew.pl\/index.php?rest_route=%2Fwp%2Fv2%2Fcategories&post=4038"},{"taxonomy":"post_tag","embeddable":true,"href":"https:\/\/organizacje.tczew.pl\/index.php?rest_route=%2Fwp%2Fv2%2Ftags&post=4038"}],"curies":[{"name":"wp","href":"https:\/\/api.w.org\/{rel}","templated":true}]}}